{"id":145,"date":"2018-04-11T08:56:53","date_gmt":"2018-04-11T11:56:53","guid":{"rendered":"https:\/\/www.sindifer-rio.org.br\/sis\/?p=145"},"modified":"2019-09-12T07:30:29","modified_gmt":"2019-09-12T10:30:29","slug":"coleta-e-reciclagem-de-residuos-da-construcao-civil","status":"publish","type":"post","link":"https:\/\/www.sindifer-rio.org.br\/sis\/coleta-e-reciclagem-de-residuos-da-construcao-civil\/","title":{"rendered":"COLETA E RECICLAGEM DE RES\u00cdDUOS DA CONSTRU\u00c7\u00c3O CIVIL"},"content":{"rendered":"<p>As quest\u00f5es e debates relacionados ao tema ambiental n\u00e3o cessam de crescer. Com o passar dos anos, a humanidade parece estar dando mais aten\u00e7\u00e3o<br \/>\nao fato que a preserva\u00e7\u00e3o da natureza n\u00e3o \u00e9 apenas um discurso \u201cbonito e<br \/>\nsocial\u201d, mas tamb\u00e9m uma garantia de sobreviv\u00eancia e melhoria da qualidade<br \/>\nde vida da popula\u00e7\u00e3o. Essa preocupa\u00e7\u00e3o tem levado o homem a conseguir<br \/>\ndesenvolver alternativas sustent\u00e1veis que o permitem produzir obtendo resultados econ\u00f4micos e sociais positivos garantindo a preserva\u00e7\u00e3o das nossas<br \/>\nfontes naturais.<\/p>\n<p><a href=\"\/sis\/wp-content\/uploads\/2019\/09\/Coleta.pdf\" target=\"_new\" rel=\"noopener noreferrer\"><strong>Saiba Mais AQUI<\/strong><\/a><\/p>\n","protected":false},"excerpt":{"rendered":"<p>As quest\u00f5es e debates relacionados ao tema ambiental n\u00e3o cessam de crescer. Com o passar dos anos, a humanidade parece estar dando mais aten\u00e7\u00e3o ao fato que a preserva\u00e7\u00e3o da natureza n\u00e3o \u00e9 apenas um discurso \u201cbonito e social\u201d, mas tamb\u00e9m uma garantia de sobreviv\u00eancia e melhoria da qualidade de vida da popula\u00e7\u00e3o. Essa preocupa\u00e7\u00e3o [&hellip;]<\/p>\n","protected":false},"author":2,"featured_media":283,"comment_status":"open","ping_status":"open","sticky":false,"template":"","format":"standard","meta":{"_joinchat":[],"footnotes":""},"categories":[10],"tags":[],"class_list":["post-145","post","type-post","status-publish","format-standard","has-post-thumbnail","hentry","category-noticias"],"yoast_head":"<!-- This site is optimized with the Yoast SEO plugin v27.5 - https:\/\/yoast.com\/product\/yoast-seo-wordpress\/ -->\n<title>COLETA E RECICLAGEM DE RES\u00cdDUOS DA CONSTRU\u00c7\u00c3O CIVIL - Sindifer-Rio<\/title>\n<meta name=\"robots\" content=\"index, follow, max-snippet:-1, max-image-preview:large, max-video-preview:-1\" \/>\n<link rel=\"canonical\" href=\"https:\/\/www.sindifer-rio.org.br\/sis\/coleta-e-reciclagem-de-residuos-da-construcao-civil\/\" \/>\n<meta property=\"og:locale\" content=\"pt_BR\" \/>\n<meta property=\"og:type\" content=\"article\" \/>\n<meta property=\"og:title\" content=\"COLETA E RECICLAGEM DE RES\u00cdDUOS DA CONSTRU\u00c7\u00c3O CIVIL - Sindifer-Rio\" \/>\n<meta property=\"og:description\" content=\"As quest\u00f5es e debates relacionados ao tema ambiental n\u00e3o cessam de crescer. Com o passar dos anos, a humanidade parece estar dando mais aten\u00e7\u00e3o ao fato que a preserva\u00e7\u00e3o da natureza n\u00e3o \u00e9 apenas um discurso \u201cbonito e social\u201d, mas tamb\u00e9m uma garantia de sobreviv\u00eancia e melhoria da qualidade de vida da popula\u00e7\u00e3o. Essa preocupa\u00e7\u00e3o [&hellip;]\" \/>\n<meta property=\"og:url\" content=\"https:\/\/www.sindifer-rio.org.br\/sis\/coleta-e-reciclagem-de-residuos-da-construcao-civil\/\" \/>\n<meta property=\"og:site_name\" content=\"Sindifer-Rio\" \/>\n<meta property=\"article:published_time\" content=\"2018-04-11T11:56:53+00:00\" \/>\n<meta property=\"article:modified_time\" content=\"2019-09-12T10:30:29+00:00\" \/>\n<meta property=\"og:image\" content=\"https:\/\/www.sindifer-rio.org.br\/sis\/wp-content\/uploads\/2018\/04\/noticia-reciclagem.jpg\" \/>\n\t<meta property=\"og:image:width\" content=\"507\" \/>\n\t<meta property=\"og:image:height\" content=\"330\" \/>\n\t<meta property=\"og:image:type\" content=\"image\/jpeg\" \/>\n<meta name=\"author\" content=\"Sindifer-Rio\" \/>\n<meta name=\"twitter:card\" content=\"summary_large_image\" \/>\n<meta name=\"twitter:label1\" content=\"Escrito por\" \/>\n\t<meta name=\"twitter:data1\" content=\"Sindifer-Rio\" \/>\n<script type=\"application\/ld+json\" class=\"yoast-schema-graph\">{\"@context\":\"https:\\\/\\\/schema.org\",\"@graph\":[{\"@type\":\"Article\",\"@id\":\"https:\\\/\\\/www.sindifer-rio.org.br\\\/sis\\\/coleta-e-reciclagem-de-residuos-da-construcao-civil\\\/#article\",\"isPartOf\":{\"@id\":\"https:\\\/\\\/www.sindifer-rio.org.br\\\/sis\\\/coleta-e-reciclagem-de-residuos-da-construcao-civil\\\/\"},\"author\":{\"name\":\"Sindifer-Rio\",\"@id\":\"https:\\\/\\\/www.sindifer-rio.org.br\\\/sis\\\/#\\\/schema\\\/person\\\/16b514d7c5e5cadeddca4e62eea7ec0b\"},\"headline\":\"COLETA E RECICLAGEM DE RES\u00cdDUOS DA CONSTRU\u00c7\u00c3O CIVIL\",\"datePublished\":\"2018-04-11T11:56:53+00:00\",\"dateModified\":\"2019-09-12T10:30:29+00:00\",\"mainEntityOfPage\":{\"@id\":\"https:\\\/\\\/www.sindifer-rio.org.br\\\/sis\\\/coleta-e-reciclagem-de-residuos-da-construcao-civil\\\/\"},\"wordCount\":105,\"commentCount\":0,\"publisher\":{\"@id\":\"https:\\\/\\\/www.sindifer-rio.org.br\\\/sis\\\/#organization\"},\"image\":{\"@id\":\"https:\\\/\\\/www.sindifer-rio.org.br\\\/sis\\\/coleta-e-reciclagem-de-residuos-da-construcao-civil\\\/#primaryimage\"},\"thumbnailUrl\":\"https:\\\/\\\/www.sindifer-rio.org.br\\\/sis\\\/wp-content\\\/uploads\\\/2018\\\/04\\\/noticia-reciclagem.jpg\",\"articleSection\":[\"Not\u00edcias\"],\"inLanguage\":\"pt-BR\",\"potentialAction\":[{\"@type\":\"CommentAction\",\"name\":\"Comment\",\"target\":[\"https:\\\/\\\/www.sindifer-rio.org.br\\\/sis\\\/coleta-e-reciclagem-de-residuos-da-construcao-civil\\\/#respond\"]}]},{\"@type\":\"WebPage\",\"@id\":\"https:\\\/\\\/www.sindifer-rio.org.br\\\/sis\\\/coleta-e-reciclagem-de-residuos-da-construcao-civil\\\/\",\"url\":\"https:\\\/\\\/www.sindifer-rio.org.br\\\/sis\\\/coleta-e-reciclagem-de-residuos-da-construcao-civil\\\/\",\"name\":\"COLETA E RECICLAGEM DE RES\u00cdDUOS DA CONSTRU\u00c7\u00c3O CIVIL - Sindifer-Rio\",\"isPartOf\":{\"@id\":\"https:\\\/\\\/www.sindifer-rio.org.br\\\/sis\\\/#website\"},\"primaryImageOfPage\":{\"@id\":\"https:\\\/\\\/www.sindifer-rio.org.br\\\/sis\\\/coleta-e-reciclagem-de-residuos-da-construcao-civil\\\/#primaryimage\"},\"image\":{\"@id\":\"https:\\\/\\\/www.sindifer-rio.org.br\\\/sis\\\/coleta-e-reciclagem-de-residuos-da-construcao-civil\\\/#primaryimage\"},\"thumbnailUrl\":\"https:\\\/\\\/www.sindifer-rio.org.br\\\/sis\\\/wp-content\\\/uploads\\\/2018\\\/04\\\/noticia-reciclagem.jpg\",\"datePublished\":\"2018-04-11T11:56:53+00:00\",\"dateModified\":\"2019-09-12T10:30:29+00:00\",\"breadcrumb\":{\"@id\":\"https:\\\/\\\/www.sindifer-rio.org.br\\\/sis\\\/coleta-e-reciclagem-de-residuos-da-construcao-civil\\\/#breadcrumb\"},\"inLanguage\":\"pt-BR\",\"potentialAction\":[{\"@type\":\"ReadAction\",\"target\":[\"https:\\\/\\\/www.sindifer-rio.org.br\\\/sis\\\/coleta-e-reciclagem-de-residuos-da-construcao-civil\\\/\"]}]},{\"@type\":\"ImageObject\",\"inLanguage\":\"pt-BR\",\"@id\":\"https:\\\/\\\/www.sindifer-rio.org.br\\\/sis\\\/coleta-e-reciclagem-de-residuos-da-construcao-civil\\\/#primaryimage\",\"url\":\"https:\\\/\\\/www.sindifer-rio.org.br\\\/sis\\\/wp-content\\\/uploads\\\/2018\\\/04\\\/noticia-reciclagem.jpg\",\"contentUrl\":\"https:\\\/\\\/www.sindifer-rio.org.br\\\/sis\\\/wp-content\\\/uploads\\\/2018\\\/04\\\/noticia-reciclagem.jpg\",\"width\":507,\"height\":330,\"caption\":\"COLETA E RECICLAGEM DE RES\u00cdDUOS DA CONSTRU\u00c7\u00c3O CIVIL\"},{\"@type\":\"BreadcrumbList\",\"@id\":\"https:\\\/\\\/www.sindifer-rio.org.br\\\/sis\\\/coleta-e-reciclagem-de-residuos-da-construcao-civil\\\/#breadcrumb\",\"itemListElement\":[{\"@type\":\"ListItem\",\"position\":1,\"name\":\"Home\",\"item\":\"https:\\\/\\\/www.sindifer-rio.org.br\\\/sis\\\/\"},{\"@type\":\"ListItem\",\"position\":2,\"name\":\"COLETA E RECICLAGEM DE RES\u00cdDUOS DA CONSTRU\u00c7\u00c3O CIVIL\"}]},{\"@type\":\"WebSite\",\"@id\":\"https:\\\/\\\/www.sindifer-rio.org.br\\\/sis\\\/#website\",\"url\":\"https:\\\/\\\/www.sindifer-rio.org.br\\\/sis\\\/\",\"name\":\"Sindifer-Rio\",\"description\":\"Sindicato do Com\u00e9rcio Varejista de Maquinismo, Ferragens, Tintas, Lou\u00e7as, Vidros e Materiais para Constru\u00e7\u00e3o a Varejo do Munic\u00edpio do Rio de Janeiro\",\"publisher\":{\"@id\":\"https:\\\/\\\/www.sindifer-rio.org.br\\\/sis\\\/#organization\"},\"potentialAction\":[{\"@type\":\"SearchAction\",\"target\":{\"@type\":\"EntryPoint\",\"urlTemplate\":\"https:\\\/\\\/www.sindifer-rio.org.br\\\/sis\\\/?s={search_term_string}\"},\"query-input\":{\"@type\":\"PropertyValueSpecification\",\"valueRequired\":true,\"valueName\":\"search_term_string\"}}],\"inLanguage\":\"pt-BR\"},{\"@type\":\"Organization\",\"@id\":\"https:\\\/\\\/www.sindifer-rio.org.br\\\/sis\\\/#organization\",\"name\":\"Sindifer-Rio\",\"url\":\"https:\\\/\\\/www.sindifer-rio.org.br\\\/sis\\\/\",\"logo\":{\"@type\":\"ImageObject\",\"inLanguage\":\"pt-BR\",\"@id\":\"https:\\\/\\\/www.sindifer-rio.org.br\\\/sis\\\/#\\\/schema\\\/logo\\\/image\\\/\",\"url\":\"https:\\\/\\\/www.sindifer-rio.org.br\\\/sis\\\/wp-content\\\/uploads\\\/2021\\\/12\\\/cropped-Logo-Sindifer-2013-curva-fecomercio_med.jpg\",\"contentUrl\":\"https:\\\/\\\/www.sindifer-rio.org.br\\\/sis\\\/wp-content\\\/uploads\\\/2021\\\/12\\\/cropped-Logo-Sindifer-2013-curva-fecomercio_med.jpg\",\"width\":193,\"height\":73,\"caption\":\"Sindifer-Rio\"},\"image\":{\"@id\":\"https:\\\/\\\/www.sindifer-rio.org.br\\\/sis\\\/#\\\/schema\\\/logo\\\/image\\\/\"},\"sameAs\":[\"https:\\\/\\\/www.instagram.com\\\/sindiferrio\",\"https:\\\/\\\/wa.me\\\/5521984838085\"]},{\"@type\":\"Person\",\"@id\":\"https:\\\/\\\/www.sindifer-rio.org.br\\\/sis\\\/#\\\/schema\\\/person\\\/16b514d7c5e5cadeddca4e62eea7ec0b\",\"name\":\"Sindifer-Rio\",\"image\":{\"@type\":\"ImageObject\",\"inLanguage\":\"pt-BR\",\"@id\":\"https:\\\/\\\/secure.gravatar.com\\\/avatar\\\/41f9d6bbf285f5774db94b43b9cf11a3739db2d0ddae8d44734d73145fb34499?s=96&d=mm&r=g\",\"url\":\"https:\\\/\\\/secure.gravatar.com\\\/avatar\\\/41f9d6bbf285f5774db94b43b9cf11a3739db2d0ddae8d44734d73145fb34499?s=96&d=mm&r=g\",\"contentUrl\":\"https:\\\/\\\/secure.gravatar.com\\\/avatar\\\/41f9d6bbf285f5774db94b43b9cf11a3739db2d0ddae8d44734d73145fb34499?s=96&d=mm&r=g\",\"caption\":\"Sindifer-Rio\"},\"url\":\"https:\\\/\\\/www.sindifer-rio.org.br\\\/sis\\\/author\\\/sindifer-rio\\\/\"}]}<\/script>\n<!-- \/ Yoast SEO plugin. -->","yoast_head_json":{"title":"COLETA E RECICLAGEM DE RES\u00cdDUOS DA CONSTRU\u00c7\u00c3O CIVIL - Sindifer-Rio","robots":{"index":"index","follow":"follow","max-snippet":"max-snippet:-1","max-image-preview":"max-image-preview:large","max-video-preview":"max-video-preview:-1"},"canonical":"https:\/\/www.sindifer-rio.org.br\/sis\/coleta-e-reciclagem-de-residuos-da-construcao-civil\/","og_locale":"pt_BR","og_type":"article","og_title":"COLETA E RECICLAGEM DE RES\u00cdDUOS DA CONSTRU\u00c7\u00c3O CIVIL - Sindifer-Rio","og_description":"As quest\u00f5es e debates relacionados ao tema ambiental n\u00e3o cessam de crescer. Com o passar dos anos, a humanidade parece estar dando mais aten\u00e7\u00e3o ao fato que a preserva\u00e7\u00e3o da natureza n\u00e3o \u00e9 apenas um discurso \u201cbonito e social\u201d, mas tamb\u00e9m uma garantia de sobreviv\u00eancia e melhoria da qualidade de vida da popula\u00e7\u00e3o. Essa preocupa\u00e7\u00e3o [&hellip;]","og_url":"https:\/\/www.sindifer-rio.org.br\/sis\/coleta-e-reciclagem-de-residuos-da-construcao-civil\/","og_site_name":"Sindifer-Rio","article_published_time":"2018-04-11T11:56:53+00:00","article_modified_time":"2019-09-12T10:30:29+00:00","og_image":[{"width":507,"height":330,"url":"https:\/\/www.sindifer-rio.org.br\/sis\/wp-content\/uploads\/2018\/04\/noticia-reciclagem.jpg","type":"image\/jpeg"}],"author":"Sindifer-Rio","twitter_card":"summary_large_image","twitter_misc":{"Escrito por":"Sindifer-Rio"},"schema":{"@context":"https:\/\/schema.org","@graph":[{"@type":"Article","@id":"https:\/\/www.sindifer-rio.org.br\/sis\/coleta-e-reciclagem-de-residuos-da-construcao-civil\/#article","isPartOf":{"@id":"https:\/\/www.sindifer-rio.org.br\/sis\/coleta-e-reciclagem-de-residuos-da-construcao-civil\/"},"author":{"name":"Sindifer-Rio","@id":"https:\/\/www.sindifer-rio.org.br\/sis\/#\/schema\/person\/16b514d7c5e5cadeddca4e62eea7ec0b"},"headline":"COLETA E RECICLAGEM DE RES\u00cdDUOS DA CONSTRU\u00c7\u00c3O CIVIL","datePublished":"2018-04-11T11:56:53+00:00","dateModified":"2019-09-12T10:30:29+00:00","mainEntityOfPage":{"@id":"https:\/\/www.sindifer-rio.org.br\/sis\/coleta-e-reciclagem-de-residuos-da-construcao-civil\/"},"wordCount":105,"commentCount":0,"publisher":{"@id":"https:\/\/www.sindifer-rio.org.br\/sis\/#organization"},"image":{"@id":"https:\/\/www.sindifer-rio.org.br\/sis\/coleta-e-reciclagem-de-residuos-da-construcao-civil\/#primaryimage"},"thumbnailUrl":"https:\/\/www.sindifer-rio.org.br\/sis\/wp-content\/uploads\/2018\/04\/noticia-reciclagem.jpg","articleSection":["Not\u00edcias"],"inLanguage":"pt-BR","potentialAction":[{"@type":"CommentAction","name":"Comment","target":["https:\/\/www.sindifer-rio.org.br\/sis\/coleta-e-reciclagem-de-residuos-da-construcao-civil\/#respond"]}]},{"@type":"WebPage","@id":"https:\/\/www.sindifer-rio.org.br\/sis\/coleta-e-reciclagem-de-residuos-da-construcao-civil\/","url":"https:\/\/www.sindifer-rio.org.br\/sis\/coleta-e-reciclagem-de-residuos-da-construcao-civil\/","name":"COLETA E RECICLAGEM DE RES\u00cdDUOS DA CONSTRU\u00c7\u00c3O CIVIL - Sindifer-Rio","isPartOf":{"@id":"https:\/\/www.sindifer-rio.org.br\/sis\/#website"},"primaryImageOfPage":{"@id":"https:\/\/www.sindifer-rio.org.br\/sis\/coleta-e-reciclagem-de-residuos-da-construcao-civil\/#primaryimage"},"image":{"@id":"https:\/\/www.sindifer-rio.org.br\/sis\/coleta-e-reciclagem-de-residuos-da-construcao-civil\/#primaryimage"},"thumbnailUrl":"https:\/\/www.sindifer-rio.org.br\/sis\/wp-content\/uploads\/2018\/04\/noticia-reciclagem.jpg","datePublished":"2018-04-11T11:56:53+00:00","dateModified":"2019-09-12T10:30:29+00:00","breadcrumb":{"@id":"https:\/\/www.sindifer-rio.org.br\/sis\/coleta-e-reciclagem-de-residuos-da-construcao-civil\/#breadcrumb"},"inLanguage":"pt-BR","potentialAction":[{"@type":"ReadAction","target":["https:\/\/www.sindifer-rio.org.br\/sis\/coleta-e-reciclagem-de-residuos-da-construcao-civil\/"]}]},{"@type":"ImageObject","inLanguage":"pt-BR","@id":"https:\/\/www.sindifer-rio.org.br\/sis\/coleta-e-reciclagem-de-residuos-da-construcao-civil\/#primaryimage","url":"https:\/\/www.sindifer-rio.org.br\/sis\/wp-content\/uploads\/2018\/04\/noticia-reciclagem.jpg","contentUrl":"https:\/\/www.sindifer-rio.org.br\/sis\/wp-content\/uploads\/2018\/04\/noticia-reciclagem.jpg","width":507,"height":330,"caption":"COLETA E RECICLAGEM DE RES\u00cdDUOS DA CONSTRU\u00c7\u00c3O CIVIL"},{"@type":"BreadcrumbList","@id":"https:\/\/www.sindifer-rio.org.br\/sis\/coleta-e-reciclagem-de-residuos-da-construcao-civil\/#breadcrumb","itemListElement":[{"@type":"ListItem","position":1,"name":"Home","item":"https:\/\/www.sindifer-rio.org.br\/sis\/"},{"@type":"ListItem","position":2,"name":"COLETA E RECICLAGEM DE RES\u00cdDUOS DA CONSTRU\u00c7\u00c3O CIVIL"}]},{"@type":"WebSite","@id":"https:\/\/www.sindifer-rio.org.br\/sis\/#website","url":"https:\/\/www.sindifer-rio.org.br\/sis\/","name":"Sindifer-Rio","description":"Sindicato do Com\u00e9rcio Varejista de Maquinismo, Ferragens, Tintas, Lou\u00e7as, Vidros e Materiais para Constru\u00e7\u00e3o a Varejo do Munic\u00edpio do Rio de Janeiro","publisher":{"@id":"https:\/\/www.sindifer-rio.org.br\/sis\/#organization"},"potentialAction":[{"@type":"SearchAction","target":{"@type":"EntryPoint","urlTemplate":"https:\/\/www.sindifer-rio.org.br\/sis\/?s={search_term_string}"},"query-input":{"@type":"PropertyValueSpecification","valueRequired":true,"valueName":"search_term_string"}}],"inLanguage":"pt-BR"},{"@type":"Organization","@id":"https:\/\/www.sindifer-rio.org.br\/sis\/#organization","name":"Sindifer-Rio","url":"https:\/\/www.sindifer-rio.org.br\/sis\/","logo":{"@type":"ImageObject","inLanguage":"pt-BR","@id":"https:\/\/www.sindifer-rio.org.br\/sis\/#\/schema\/logo\/image\/","url":"https:\/\/www.sindifer-rio.org.br\/sis\/wp-content\/uploads\/2021\/12\/cropped-Logo-Sindifer-2013-curva-fecomercio_med.jpg","contentUrl":"https:\/\/www.sindifer-rio.org.br\/sis\/wp-content\/uploads\/2021\/12\/cropped-Logo-Sindifer-2013-curva-fecomercio_med.jpg","width":193,"height":73,"caption":"Sindifer-Rio"},"image":{"@id":"https:\/\/www.sindifer-rio.org.br\/sis\/#\/schema\/logo\/image\/"},"sameAs":["https:\/\/www.instagram.com\/sindiferrio","https:\/\/wa.me\/5521984838085"]},{"@type":"Person","@id":"https:\/\/www.sindifer-rio.org.br\/sis\/#\/schema\/person\/16b514d7c5e5cadeddca4e62eea7ec0b","name":"Sindifer-Rio","image":{"@type":"ImageObject","inLanguage":"pt-BR","@id":"https:\/\/secure.gravatar.com\/avatar\/41f9d6bbf285f5774db94b43b9cf11a3739db2d0ddae8d44734d73145fb34499?s=96&d=mm&r=g","url":"https:\/\/secure.gravatar.com\/avatar\/41f9d6bbf285f5774db94b43b9cf11a3739db2d0ddae8d44734d73145fb34499?s=96&d=mm&r=g","contentUrl":"https:\/\/secure.gravatar.com\/avatar\/41f9d6bbf285f5774db94b43b9cf11a3739db2d0ddae8d44734d73145fb34499?s=96&d=mm&r=g","caption":"Sindifer-Rio"},"url":"https:\/\/www.sindifer-rio.org.br\/sis\/author\/sindifer-rio\/"}]}},"_links":{"self":[{"href":"https:\/\/www.sindifer-rio.org.br\/sis\/wp-json\/wp\/v2\/posts\/145","targetHints":{"allow":["GET"]}}],"collection":[{"href":"https:\/\/www.sindifer-rio.org.br\/sis\/wp-json\/wp\/v2\/posts"}],"about":[{"href":"https:\/\/www.sindifer-rio.org.br\/sis\/wp-json\/wp\/v2\/types\/post"}],"author":[{"embeddable":true,"href":"https:\/\/www.sindifer-rio.org.br\/sis\/wp-json\/wp\/v2\/users\/2"}],"replies":[{"embeddable":true,"href":"https:\/\/www.sindifer-rio.org.br\/sis\/wp-json\/wp\/v2\/comments?post=145"}],"version-history":[{"count":0,"href":"https:\/\/www.sindifer-rio.org.br\/sis\/wp-json\/wp\/v2\/posts\/145\/revisions"}],"wp:featuredmedia":[{"embeddable":true,"href":"https:\/\/www.sindifer-rio.org.br\/sis\/wp-json\/wp\/v2\/media\/283"}],"wp:attachment":[{"href":"https:\/\/www.sindifer-rio.org.br\/sis\/wp-json\/wp\/v2\/media?parent=145"}],"wp:term":[{"taxonomy":"category","embeddable":true,"href":"https:\/\/www.sindifer-rio.org.br\/sis\/wp-json\/wp\/v2\/categories?post=145"},{"taxonomy":"post_tag","embeddable":true,"href":"https:\/\/www.sindifer-rio.org.br\/sis\/wp-json\/wp\/v2\/tags?post=145"}],"curies":[{"name":"wp","href":"https:\/\/api.w.org\/{rel}","templated":true}]}}