{"id":727,"date":"2020-12-12T09:43:32","date_gmt":"2020-12-12T12:43:32","guid":{"rendered":"https:\/\/www.sindifer-rio.org.br\/sis\/?p=727"},"modified":"2020-12-15T15:56:34","modified_gmt":"2020-12-15T18:56:34","slug":"comunicado-fecomercio-rj-covid-19","status":"publish","type":"post","link":"https:\/\/www.sindifer-rio.org.br\/sis\/comunicado-fecomercio-rj-covid-19\/","title":{"rendered":"COMUNICADO FECOM\u00c9RCIO RJ  COVID-19"},"content":{"rendered":"<p><strong>Fecom\u00e9rcio RJ lidera campanha de conscientiza\u00e7\u00e3o e combate a Covid-19<\/strong><\/p>\n<p><em>Governo do Estado, Associa\u00e7\u00e3o Comercial do Rio de Janeiro e Sindicatos afiliados tamb\u00e9m s\u00e3o parceiros da Federa\u00e7\u00e3o no esfor\u00e7o conjunto de preven\u00e7\u00e3o<\/em><\/p>\n<p>&nbsp;<\/p>\n<p><strong>Rio de Janeiro &#8211;\u00a0<\/strong>Em vista do risco que se corre com a segunda onda de contamina\u00e7\u00e3o, que poder\u00e1 trazer restri\u00e7\u00f5es, a Federa\u00e7\u00e3o do Com\u00e9rcio de Bens, Servi\u00e7os e Turismo do Estado do Rio de Janeiro (Fecom\u00e9rcio RJ) iniciou uma campanha de conscientiza\u00e7\u00e3o e combate \u00e0 propaga\u00e7\u00e3o da Covid-19 em emissoras de r\u00e1dios, faixas nas ruas, campanha nas redes sociais e divulga\u00e7\u00e3o via imprensa, tendo como parceiros o Governo do Estado, a Associa\u00e7\u00e3o Comercial do Rio de Janeiro (ACRJ) e os Sindicatos afiliados no interior em todas as 24 regi\u00f5es de atua\u00e7\u00e3o da Federa\u00e7\u00e3o. O objetivo da institui\u00e7\u00e3o \u00e9 refor\u00e7ar, junto \u00e0 popula\u00e7\u00e3o fluminense, a import\u00e2ncia dos cuidados recomendados pela Organiza\u00e7\u00e3o Mundial da Sa\u00fade (OMS), como por exemplo, uso de m\u00e1scaras; limpeza das m\u00e3os com \u00e1lcool; evitar aglomera\u00e7\u00f5es e manter o distanciamento social; e, dessa forma contribuir para que n\u00e3o tenhamos que retroceder nas vit\u00f3rias j\u00e1 alcan\u00e7adas.<\/p>\n<p>&nbsp;<\/p>\n<p>Com o\u00a0<em>slogan<\/em>\u00a0<strong><em>Um Por Todos, Todos Por Um. Juntos Contra Covid\u00a0<\/em><\/strong>a iniciativa pretende mostrar que, ao viver um momento de pandemia global, \u00e9 necess\u00e1rio que cada um fa\u00e7a sua parte para conter o aumento do n\u00famero de contaminados pelo v\u00edrus. Somente com o comprometimento de toda a popula\u00e7\u00e3o ser\u00e1 poss\u00edvel passar por esse momento t\u00e3o grave e sem precedentes na hist\u00f3ria contempor\u00e2nea. Os estabelecimentos do setor do com\u00e9rcio de bens, servi\u00e7os e turismo est\u00e3o fazendo sua parte, e seguindo todos os protocolos orientados pelos \u00f3rg\u00e3os governamentais de sa\u00fade, aptos a receber seu p\u00fablico com seguran\u00e7a.<\/p>\n<p>&nbsp;<\/p>\n<p>Essa \u00e9 mais uma a\u00e7\u00e3o da Fecom\u00e9rcio RJ em prol da popula\u00e7\u00e3o do estado do Rio de Janeiro, dos empres\u00e1rios, dos comerciantes e dos trabalhadores fluminenses, t\u00e3o atingidos pela pandemia, quer seja pelo simples direito de ir e vir, como tamb\u00e9m o de abrir seu neg\u00f3cio ou mesmo de trabalhar e sustentar sua fam\u00edlia.<\/p>\n<p>&nbsp;<\/p>\n<p>O presidente da Fecom\u00e9rcio RJ, Antonio Florencio de Queiroz Junior, destaca que, ao longo da pandemia, foi refor\u00e7ado o compromisso social da entidade, desenvolvendo a\u00e7\u00f5es integradas para combater \u00e0 pandemia e mitigar seus impactos socais, contando com o apoio operacional das For\u00e7as Armadas e da Cruz Vermelha. Os bra\u00e7os sociais da entidade, Sesc RJ e Senac RJ, v\u00eam desenvolvendo grandes esfor\u00e7os.\u00a0\u00a0<em>\u201cDurante todo este per\u00edodo, incentivamos a\u00e7\u00f5es de apoio ao com\u00e9rcio, seja com a produ\u00e7\u00e3o de pesquisas feitas pelo Instituto Fecom\u00e9rcio de Pesquisas e An\u00e1lises (IFec RJ), ou a capacita\u00e7\u00e3o e divulga\u00e7\u00e3o de protocolos de seguran\u00e7a pelo Senac RJ. Al\u00e9m disso, o Sesc RJ, atrav\u00e9s do Mesa Brasil, expandiu a doa\u00e7\u00e3o de alimentos. Por outro lado, nossa equipe jur\u00eddica tamb\u00e9m apresentou mais de 36 pleitos ao Governo, tendo 19 solicita\u00e7\u00f5es atendidas pelas autoridades e que ajudaram substancialmente o setor\u201d<\/em>, ressalta o empres\u00e1rio.<\/p>\n","protected":false},"excerpt":{"rendered":"<p>Fecom\u00e9rcio RJ lidera campanha de conscientiza\u00e7\u00e3o e combate a Covid-19 Governo do Estado, Associa\u00e7\u00e3o Comercial do Rio de Janeiro e Sindicatos afiliados tamb\u00e9m s\u00e3o parceiros da Federa\u00e7\u00e3o no esfor\u00e7o conjunto de preven\u00e7\u00e3o &nbsp; Rio de Janeiro &#8211;\u00a0Em vista do risco que se corre com a segunda onda de contamina\u00e7\u00e3o, que poder\u00e1 trazer restri\u00e7\u00f5es, a Federa\u00e7\u00e3o [&hellip;]<\/p>\n","protected":false},"author":2,"featured_media":728,"comment_status":"open","ping_status":"open","sticky":false,"template":"","format":"standard","meta":{"_joinchat":[],"footnotes":""},"categories":[10],"tags":[15,16,17],"class_list":["post-727","post","type-post","status-publish","format-standard","has-post-thumbnail","hentry","category-noticias","tag-coronavirus","tag-covid-19","tag-decreto-no-47-301"],"yoast_head":"<!-- This site is optimized with the Yoast SEO plugin v27.5 - https:\/\/yoast.com\/product\/yoast-seo-wordpress\/ -->\n<title>COMUNICADO FECOM\u00c9RCIO RJ COVID-19 - Sindifer-Rio<\/title>\n<meta name=\"robots\" content=\"index, follow, max-snippet:-1, max-image-preview:large, max-video-preview:-1\" \/>\n<link rel=\"canonical\" href=\"https:\/\/www.sindifer-rio.org.br\/sis\/comunicado-fecomercio-rj-covid-19\/\" \/>\n<meta property=\"og:locale\" content=\"pt_BR\" \/>\n<meta property=\"og:type\" content=\"article\" \/>\n<meta property=\"og:title\" content=\"COMUNICADO FECOM\u00c9RCIO RJ COVID-19 - Sindifer-Rio\" \/>\n<meta property=\"og:description\" content=\"Fecom\u00e9rcio RJ lidera campanha de conscientiza\u00e7\u00e3o e combate a Covid-19 Governo do Estado, Associa\u00e7\u00e3o Comercial do Rio de Janeiro e Sindicatos afiliados tamb\u00e9m s\u00e3o parceiros da Federa\u00e7\u00e3o no esfor\u00e7o conjunto de preven\u00e7\u00e3o &nbsp; Rio de Janeiro &#8211;\u00a0Em vista do risco que se corre com a segunda onda de contamina\u00e7\u00e3o, que poder\u00e1 trazer restri\u00e7\u00f5es, a Federa\u00e7\u00e3o [&hellip;]\" \/>\n<meta property=\"og:url\" content=\"https:\/\/www.sindifer-rio.org.br\/sis\/comunicado-fecomercio-rj-covid-19\/\" \/>\n<meta property=\"og:site_name\" content=\"Sindifer-Rio\" \/>\n<meta property=\"article:published_time\" content=\"2020-12-12T12:43:32+00:00\" \/>\n<meta property=\"article:modified_time\" content=\"2020-12-15T18:56:34+00:00\" \/>\n<meta property=\"og:image\" content=\"https:\/\/www.sindifer-rio.org.br\/sis\/wp-content\/uploads\/2020\/12\/slider-home-201212.jpg\" \/>\n\t<meta property=\"og:image:width\" content=\"1000\" \/>\n\t<meta property=\"og:image:height\" content=\"667\" \/>\n\t<meta property=\"og:image:type\" content=\"image\/jpeg\" \/>\n<meta name=\"author\" content=\"Sindifer-Rio\" \/>\n<meta name=\"twitter:card\" content=\"summary_large_image\" \/>\n<meta name=\"twitter:label1\" content=\"Escrito por\" \/>\n\t<meta name=\"twitter:data1\" content=\"Sindifer-Rio\" \/>\n\t<meta name=\"twitter:label2\" content=\"Est. tempo de leitura\" \/>\n\t<meta name=\"twitter:data2\" content=\"3 minutos\" \/>\n<script type=\"application\/ld+json\" class=\"yoast-schema-graph\">{\"@context\":\"https:\\\/\\\/schema.org\",\"@graph\":[{\"@type\":\"Article\",\"@id\":\"https:\\\/\\\/www.sindifer-rio.org.br\\\/sis\\\/comunicado-fecomercio-rj-covid-19\\\/#article\",\"isPartOf\":{\"@id\":\"https:\\\/\\\/www.sindifer-rio.org.br\\\/sis\\\/comunicado-fecomercio-rj-covid-19\\\/\"},\"author\":{\"name\":\"Sindifer-Rio\",\"@id\":\"https:\\\/\\\/www.sindifer-rio.org.br\\\/sis\\\/#\\\/schema\\\/person\\\/16b514d7c5e5cadeddca4e62eea7ec0b\"},\"headline\":\"COMUNICADO FECOM\u00c9RCIO RJ COVID-19\",\"datePublished\":\"2020-12-12T12:43:32+00:00\",\"dateModified\":\"2020-12-15T18:56:34+00:00\",\"mainEntityOfPage\":{\"@id\":\"https:\\\/\\\/www.sindifer-rio.org.br\\\/sis\\\/comunicado-fecomercio-rj-covid-19\\\/\"},\"wordCount\":553,\"commentCount\":0,\"publisher\":{\"@id\":\"https:\\\/\\\/www.sindifer-rio.org.br\\\/sis\\\/#organization\"},\"image\":{\"@id\":\"https:\\\/\\\/www.sindifer-rio.org.br\\\/sis\\\/comunicado-fecomercio-rj-covid-19\\\/#primaryimage\"},\"thumbnailUrl\":\"https:\\\/\\\/www.sindifer-rio.org.br\\\/sis\\\/wp-content\\\/uploads\\\/2020\\\/12\\\/slider-home-201212.jpg\",\"keywords\":[\"Coronav\u00edrus\",\"Covid-19\",\"Decreto n\u00ba 47.301\"],\"articleSection\":[\"Not\u00edcias\"],\"inLanguage\":\"pt-BR\",\"potentialAction\":[{\"@type\":\"CommentAction\",\"name\":\"Comment\",\"target\":[\"https:\\\/\\\/www.sindifer-rio.org.br\\\/sis\\\/comunicado-fecomercio-rj-covid-19\\\/#respond\"]}]},{\"@type\":\"WebPage\",\"@id\":\"https:\\\/\\\/www.sindifer-rio.org.br\\\/sis\\\/comunicado-fecomercio-rj-covid-19\\\/\",\"url\":\"https:\\\/\\\/www.sindifer-rio.org.br\\\/sis\\\/comunicado-fecomercio-rj-covid-19\\\/\",\"name\":\"COMUNICADO FECOM\u00c9RCIO RJ COVID-19 - Sindifer-Rio\",\"isPartOf\":{\"@id\":\"https:\\\/\\\/www.sindifer-rio.org.br\\\/sis\\\/#website\"},\"primaryImageOfPage\":{\"@id\":\"https:\\\/\\\/www.sindifer-rio.org.br\\\/sis\\\/comunicado-fecomercio-rj-covid-19\\\/#primaryimage\"},\"image\":{\"@id\":\"https:\\\/\\\/www.sindifer-rio.org.br\\\/sis\\\/comunicado-fecomercio-rj-covid-19\\\/#primaryimage\"},\"thumbnailUrl\":\"https:\\\/\\\/www.sindifer-rio.org.br\\\/sis\\\/wp-content\\\/uploads\\\/2020\\\/12\\\/slider-home-201212.jpg\",\"datePublished\":\"2020-12-12T12:43:32+00:00\",\"dateModified\":\"2020-12-15T18:56:34+00:00\",\"breadcrumb\":{\"@id\":\"https:\\\/\\\/www.sindifer-rio.org.br\\\/sis\\\/comunicado-fecomercio-rj-covid-19\\\/#breadcrumb\"},\"inLanguage\":\"pt-BR\",\"potentialAction\":[{\"@type\":\"ReadAction\",\"target\":[\"https:\\\/\\\/www.sindifer-rio.org.br\\\/sis\\\/comunicado-fecomercio-rj-covid-19\\\/\"]}]},{\"@type\":\"ImageObject\",\"inLanguage\":\"pt-BR\",\"@id\":\"https:\\\/\\\/www.sindifer-rio.org.br\\\/sis\\\/comunicado-fecomercio-rj-covid-19\\\/#primaryimage\",\"url\":\"https:\\\/\\\/www.sindifer-rio.org.br\\\/sis\\\/wp-content\\\/uploads\\\/2020\\\/12\\\/slider-home-201212.jpg\",\"contentUrl\":\"https:\\\/\\\/www.sindifer-rio.org.br\\\/sis\\\/wp-content\\\/uploads\\\/2020\\\/12\\\/slider-home-201212.jpg\",\"width\":1000,\"height\":667,\"caption\":\"COMUNICADO FECOM\u00c9RCIO RJ COVID-19\"},{\"@type\":\"BreadcrumbList\",\"@id\":\"https:\\\/\\\/www.sindifer-rio.org.br\\\/sis\\\/comunicado-fecomercio-rj-covid-19\\\/#breadcrumb\",\"itemListElement\":[{\"@type\":\"ListItem\",\"position\":1,\"name\":\"Home\",\"item\":\"https:\\\/\\\/www.sindifer-rio.org.br\\\/sis\\\/\"},{\"@type\":\"ListItem\",\"position\":2,\"name\":\"COMUNICADO FECOM\u00c9RCIO RJ COVID-19\"}]},{\"@type\":\"WebSite\",\"@id\":\"https:\\\/\\\/www.sindifer-rio.org.br\\\/sis\\\/#website\",\"url\":\"https:\\\/\\\/www.sindifer-rio.org.br\\\/sis\\\/\",\"name\":\"Sindifer-Rio\",\"description\":\"Sindicato do Com\u00e9rcio Varejista de Maquinismo, Ferragens, Tintas, Lou\u00e7as, Vidros e Materiais para Constru\u00e7\u00e3o a Varejo do Munic\u00edpio do Rio de Janeiro\",\"publisher\":{\"@id\":\"https:\\\/\\\/www.sindifer-rio.org.br\\\/sis\\\/#organization\"},\"potentialAction\":[{\"@type\":\"SearchAction\",\"target\":{\"@type\":\"EntryPoint\",\"urlTemplate\":\"https:\\\/\\\/www.sindifer-rio.org.br\\\/sis\\\/?s={search_term_string}\"},\"query-input\":{\"@type\":\"PropertyValueSpecification\",\"valueRequired\":true,\"valueName\":\"search_term_string\"}}],\"inLanguage\":\"pt-BR\"},{\"@type\":\"Organization\",\"@id\":\"https:\\\/\\\/www.sindifer-rio.org.br\\\/sis\\\/#organization\",\"name\":\"Sindifer-Rio\",\"url\":\"https:\\\/\\\/www.sindifer-rio.org.br\\\/sis\\\/\",\"logo\":{\"@type\":\"ImageObject\",\"inLanguage\":\"pt-BR\",\"@id\":\"https:\\\/\\\/www.sindifer-rio.org.br\\\/sis\\\/#\\\/schema\\\/logo\\\/image\\\/\",\"url\":\"https:\\\/\\\/www.sindifer-rio.org.br\\\/sis\\\/wp-content\\\/uploads\\\/2021\\\/12\\\/cropped-Logo-Sindifer-2013-curva-fecomercio_med.jpg\",\"contentUrl\":\"https:\\\/\\\/www.sindifer-rio.org.br\\\/sis\\\/wp-content\\\/uploads\\\/2021\\\/12\\\/cropped-Logo-Sindifer-2013-curva-fecomercio_med.jpg\",\"width\":193,\"height\":73,\"caption\":\"Sindifer-Rio\"},\"image\":{\"@id\":\"https:\\\/\\\/www.sindifer-rio.org.br\\\/sis\\\/#\\\/schema\\\/logo\\\/image\\\/\"},\"sameAs\":[\"https:\\\/\\\/www.instagram.com\\\/sindiferrio\",\"https:\\\/\\\/wa.me\\\/5521984838085\"]},{\"@type\":\"Person\",\"@id\":\"https:\\\/\\\/www.sindifer-rio.org.br\\\/sis\\\/#\\\/schema\\\/person\\\/16b514d7c5e5cadeddca4e62eea7ec0b\",\"name\":\"Sindifer-Rio\",\"image\":{\"@type\":\"ImageObject\",\"inLanguage\":\"pt-BR\",\"@id\":\"https:\\\/\\\/secure.gravatar.com\\\/avatar\\\/41f9d6bbf285f5774db94b43b9cf11a3739db2d0ddae8d44734d73145fb34499?s=96&d=mm&r=g\",\"url\":\"https:\\\/\\\/secure.gravatar.com\\\/avatar\\\/41f9d6bbf285f5774db94b43b9cf11a3739db2d0ddae8d44734d73145fb34499?s=96&d=mm&r=g\",\"contentUrl\":\"https:\\\/\\\/secure.gravatar.com\\\/avatar\\\/41f9d6bbf285f5774db94b43b9cf11a3739db2d0ddae8d44734d73145fb34499?s=96&d=mm&r=g\",\"caption\":\"Sindifer-Rio\"},\"url\":\"https:\\\/\\\/www.sindifer-rio.org.br\\\/sis\\\/author\\\/sindifer-rio\\\/\"}]}<\/script>\n<!-- \/ Yoast SEO plugin. -->","yoast_head_json":{"title":"COMUNICADO FECOM\u00c9RCIO RJ COVID-19 - Sindifer-Rio","robots":{"index":"index","follow":"follow","max-snippet":"max-snippet:-1","max-image-preview":"max-image-preview:large","max-video-preview":"max-video-preview:-1"},"canonical":"https:\/\/www.sindifer-rio.org.br\/sis\/comunicado-fecomercio-rj-covid-19\/","og_locale":"pt_BR","og_type":"article","og_title":"COMUNICADO FECOM\u00c9RCIO RJ COVID-19 - Sindifer-Rio","og_description":"Fecom\u00e9rcio RJ lidera campanha de conscientiza\u00e7\u00e3o e combate a Covid-19 Governo do Estado, Associa\u00e7\u00e3o Comercial do Rio de Janeiro e Sindicatos afiliados tamb\u00e9m s\u00e3o parceiros da Federa\u00e7\u00e3o no esfor\u00e7o conjunto de preven\u00e7\u00e3o &nbsp; Rio de Janeiro &#8211;\u00a0Em vista do risco que se corre com a segunda onda de contamina\u00e7\u00e3o, que poder\u00e1 trazer restri\u00e7\u00f5es, a Federa\u00e7\u00e3o [&hellip;]","og_url":"https:\/\/www.sindifer-rio.org.br\/sis\/comunicado-fecomercio-rj-covid-19\/","og_site_name":"Sindifer-Rio","article_published_time":"2020-12-12T12:43:32+00:00","article_modified_time":"2020-12-15T18:56:34+00:00","og_image":[{"width":1000,"height":667,"url":"https:\/\/www.sindifer-rio.org.br\/sis\/wp-content\/uploads\/2020\/12\/slider-home-201212.jpg","type":"image\/jpeg"}],"author":"Sindifer-Rio","twitter_card":"summary_large_image","twitter_misc":{"Escrito por":"Sindifer-Rio","Est. tempo de leitura":"3 minutos"},"schema":{"@context":"https:\/\/schema.org","@graph":[{"@type":"Article","@id":"https:\/\/www.sindifer-rio.org.br\/sis\/comunicado-fecomercio-rj-covid-19\/#article","isPartOf":{"@id":"https:\/\/www.sindifer-rio.org.br\/sis\/comunicado-fecomercio-rj-covid-19\/"},"author":{"name":"Sindifer-Rio","@id":"https:\/\/www.sindifer-rio.org.br\/sis\/#\/schema\/person\/16b514d7c5e5cadeddca4e62eea7ec0b"},"headline":"COMUNICADO FECOM\u00c9RCIO RJ COVID-19","datePublished":"2020-12-12T12:43:32+00:00","dateModified":"2020-12-15T18:56:34+00:00","mainEntityOfPage":{"@id":"https:\/\/www.sindifer-rio.org.br\/sis\/comunicado-fecomercio-rj-covid-19\/"},"wordCount":553,"commentCount":0,"publisher":{"@id":"https:\/\/www.sindifer-rio.org.br\/sis\/#organization"},"image":{"@id":"https:\/\/www.sindifer-rio.org.br\/sis\/comunicado-fecomercio-rj-covid-19\/#primaryimage"},"thumbnailUrl":"https:\/\/www.sindifer-rio.org.br\/sis\/wp-content\/uploads\/2020\/12\/slider-home-201212.jpg","keywords":["Coronav\u00edrus","Covid-19","Decreto n\u00ba 47.301"],"articleSection":["Not\u00edcias"],"inLanguage":"pt-BR","potentialAction":[{"@type":"CommentAction","name":"Comment","target":["https:\/\/www.sindifer-rio.org.br\/sis\/comunicado-fecomercio-rj-covid-19\/#respond"]}]},{"@type":"WebPage","@id":"https:\/\/www.sindifer-rio.org.br\/sis\/comunicado-fecomercio-rj-covid-19\/","url":"https:\/\/www.sindifer-rio.org.br\/sis\/comunicado-fecomercio-rj-covid-19\/","name":"COMUNICADO FECOM\u00c9RCIO RJ COVID-19 - Sindifer-Rio","isPartOf":{"@id":"https:\/\/www.sindifer-rio.org.br\/sis\/#website"},"primaryImageOfPage":{"@id":"https:\/\/www.sindifer-rio.org.br\/sis\/comunicado-fecomercio-rj-covid-19\/#primaryimage"},"image":{"@id":"https:\/\/www.sindifer-rio.org.br\/sis\/comunicado-fecomercio-rj-covid-19\/#primaryimage"},"thumbnailUrl":"https:\/\/www.sindifer-rio.org.br\/sis\/wp-content\/uploads\/2020\/12\/slider-home-201212.jpg","datePublished":"2020-12-12T12:43:32+00:00","dateModified":"2020-12-15T18:56:34+00:00","breadcrumb":{"@id":"https:\/\/www.sindifer-rio.org.br\/sis\/comunicado-fecomercio-rj-covid-19\/#breadcrumb"},"inLanguage":"pt-BR","potentialAction":[{"@type":"ReadAction","target":["https:\/\/www.sindifer-rio.org.br\/sis\/comunicado-fecomercio-rj-covid-19\/"]}]},{"@type":"ImageObject","inLanguage":"pt-BR","@id":"https:\/\/www.sindifer-rio.org.br\/sis\/comunicado-fecomercio-rj-covid-19\/#primaryimage","url":"https:\/\/www.sindifer-rio.org.br\/sis\/wp-content\/uploads\/2020\/12\/slider-home-201212.jpg","contentUrl":"https:\/\/www.sindifer-rio.org.br\/sis\/wp-content\/uploads\/2020\/12\/slider-home-201212.jpg","width":1000,"height":667,"caption":"COMUNICADO FECOM\u00c9RCIO RJ COVID-19"},{"@type":"BreadcrumbList","@id":"https:\/\/www.sindifer-rio.org.br\/sis\/comunicado-fecomercio-rj-covid-19\/#breadcrumb","itemListElement":[{"@type":"ListItem","position":1,"name":"Home","item":"https:\/\/www.sindifer-rio.org.br\/sis\/"},{"@type":"ListItem","position":2,"name":"COMUNICADO FECOM\u00c9RCIO RJ COVID-19"}]},{"@type":"WebSite","@id":"https:\/\/www.sindifer-rio.org.br\/sis\/#website","url":"https:\/\/www.sindifer-rio.org.br\/sis\/","name":"Sindifer-Rio","description":"Sindicato do Com\u00e9rcio Varejista de Maquinismo, Ferragens, Tintas, Lou\u00e7as, Vidros e Materiais para Constru\u00e7\u00e3o a Varejo do Munic\u00edpio do Rio de Janeiro","publisher":{"@id":"https:\/\/www.sindifer-rio.org.br\/sis\/#organization"},"potentialAction":[{"@type":"SearchAction","target":{"@type":"EntryPoint","urlTemplate":"https:\/\/www.sindifer-rio.org.br\/sis\/?s={search_term_string}"},"query-input":{"@type":"PropertyValueSpecification","valueRequired":true,"valueName":"search_term_string"}}],"inLanguage":"pt-BR"},{"@type":"Organization","@id":"https:\/\/www.sindifer-rio.org.br\/sis\/#organization","name":"Sindifer-Rio","url":"https:\/\/www.sindifer-rio.org.br\/sis\/","logo":{"@type":"ImageObject","inLanguage":"pt-BR","@id":"https:\/\/www.sindifer-rio.org.br\/sis\/#\/schema\/logo\/image\/","url":"https:\/\/www.sindifer-rio.org.br\/sis\/wp-content\/uploads\/2021\/12\/cropped-Logo-Sindifer-2013-curva-fecomercio_med.jpg","contentUrl":"https:\/\/www.sindifer-rio.org.br\/sis\/wp-content\/uploads\/2021\/12\/cropped-Logo-Sindifer-2013-curva-fecomercio_med.jpg","width":193,"height":73,"caption":"Sindifer-Rio"},"image":{"@id":"https:\/\/www.sindifer-rio.org.br\/sis\/#\/schema\/logo\/image\/"},"sameAs":["https:\/\/www.instagram.com\/sindiferrio","https:\/\/wa.me\/5521984838085"]},{"@type":"Person","@id":"https:\/\/www.sindifer-rio.org.br\/sis\/#\/schema\/person\/16b514d7c5e5cadeddca4e62eea7ec0b","name":"Sindifer-Rio","image":{"@type":"ImageObject","inLanguage":"pt-BR","@id":"https:\/\/secure.gravatar.com\/avatar\/41f9d6bbf285f5774db94b43b9cf11a3739db2d0ddae8d44734d73145fb34499?s=96&d=mm&r=g","url":"https:\/\/secure.gravatar.com\/avatar\/41f9d6bbf285f5774db94b43b9cf11a3739db2d0ddae8d44734d73145fb34499?s=96&d=mm&r=g","contentUrl":"https:\/\/secure.gravatar.com\/avatar\/41f9d6bbf285f5774db94b43b9cf11a3739db2d0ddae8d44734d73145fb34499?s=96&d=mm&r=g","caption":"Sindifer-Rio"},"url":"https:\/\/www.sindifer-rio.org.br\/sis\/author\/sindifer-rio\/"}]}},"_links":{"self":[{"href":"https:\/\/www.sindifer-rio.org.br\/sis\/wp-json\/wp\/v2\/posts\/727","targetHints":{"allow":["GET"]}}],"collection":[{"href":"https:\/\/www.sindifer-rio.org.br\/sis\/wp-json\/wp\/v2\/posts"}],"about":[{"href":"https:\/\/www.sindifer-rio.org.br\/sis\/wp-json\/wp\/v2\/types\/post"}],"author":[{"embeddable":true,"href":"https:\/\/www.sindifer-rio.org.br\/sis\/wp-json\/wp\/v2\/users\/2"}],"replies":[{"embeddable":true,"href":"https:\/\/www.sindifer-rio.org.br\/sis\/wp-json\/wp\/v2\/comments?post=727"}],"version-history":[{"count":0,"href":"https:\/\/www.sindifer-rio.org.br\/sis\/wp-json\/wp\/v2\/posts\/727\/revisions"}],"wp:featuredmedia":[{"embeddable":true,"href":"https:\/\/www.sindifer-rio.org.br\/sis\/wp-json\/wp\/v2\/media\/728"}],"wp:attachment":[{"href":"https:\/\/www.sindifer-rio.org.br\/sis\/wp-json\/wp\/v2\/media?parent=727"}],"wp:term":[{"taxonomy":"category","embeddable":true,"href":"https:\/\/www.sindifer-rio.org.br\/sis\/wp-json\/wp\/v2\/categories?post=727"},{"taxonomy":"post_tag","embeddable":true,"href":"https:\/\/www.sindifer-rio.org.br\/sis\/wp-json\/wp\/v2\/tags?post=727"}],"curies":[{"name":"wp","href":"https:\/\/api.w.org\/{rel}","templated":true}]}}